
{"id":392,"date":"2012-05-03T18:12:15","date_gmt":"2012-05-03T16:12:15","guid":{"rendered":"http:\/\/www.erdemtaylan.com\/blog\/?p=392"},"modified":"2012-05-29T12:17:21","modified_gmt":"2012-05-29T10:17:21","slug":"seminar-at-kocaeli-university-on-organikos","status":"publish","type":"post","link":"http:\/\/www.erdemtaylan.com\/?p=392&amp;lang=tr","title":{"rendered":"Kocaeli \u00dcniversitesinde Organikos Semineri"},"content":{"rendered":"<p>8 May\u0131s Sal\u0131 g\u00fcn\u00fc Cave Ekibi olarak, \u0130stanbul Teknik \u00dcniversitesinde, ilk animasyon projemiz olan Organikos&#8217;un yap\u0131m a\u015famalar\u0131 ile ilgili bir seminer verece\u011fiz. Seminer s\u0131ras\u0131nda Cave olarak animasyon filmi \u00fcretimine yakla\u015f\u0131m\u0131m\u0131z\u0131 ve \u00e7al\u0131\u015fma bi\u00e7imimizi kat\u0131l\u0131mc\u0131lara detayl\u0131 olarak anlataca\u011f\u0131z. Seminer detaylar\u0131 a\u015fa\u011f\u0131daki gibi:<\/p>\n<ul>\n<li>Mekan \u00a0: Kocaeli \u00dcniversitesi Umuttepe Yerle\u015fkesi\n<ul>\n<li>M\u00fchendislik Fak\u00fcltesi Konferans Salonu<\/li>\n<\/ul>\n<\/li>\n<li>Tarih : 8 May\u0131s 2012 Cuma 13:00 &#8211; 15:00<\/li>\n<li>Program :\n<ul>\n<li>Organikos Teaser yap\u0131m a\u015famalar\u0131<\/li>\n<li>Soru Cevap<\/li>\n<\/ul>\n<\/li>\n<\/ul>\n<p>Karakterlerimiz Muzaffer, PatLeeChan, Berbi ve Karot&#8217;un hikayesini dinlemek isteyen herkesi bekliyoruz&#8230;<\/p>\n","protected":false},"excerpt":{"rendered":"<p>8 May\u0131s Sal\u0131 g\u00fcn\u00fc Cave Ekibi olarak, \u0130stanbul Teknik \u00dcniversitesinde, ilk animasyon projemiz olan Organikos&#8217;un yap\u0131m a\u015famalar\u0131 ile ilgili bir seminer verece\u011fiz. Seminer s\u0131ras\u0131nda Cave olarak animasyon filmi \u00fcretimine yakla\u015f\u0131m\u0131m\u0131z\u0131 ve \u00e7al\u0131\u015fma bi\u00e7imimizi kat\u0131l\u0131mc\u0131lara detayl\u0131 olarak anlataca\u011f\u0131z. Seminer detaylar\u0131 a\u015fa\u011f\u0131daki gibi:<\/p>\n<p> Mekan : Kocaeli \u00dcniversitesi Umuttepe Yerle\u015fkesi M\u00fchendislik Fak\u00fcltesi Konferans Salonu Tarih : 8 May\u0131s [&#8230;]<\/p>\n","protected":false},"author":1,"featured_media":0,"comment_status":"closed","ping_status":"open","sticky":false,"template":"","format":"standard","meta":{"ngg_post_thumbnail":0},"categories":[10,11],"tags":[],"_links":{"self":[{"href":"http:\/\/www.erdemtaylan.com\/index.php?rest_route=\/wp\/v2\/posts\/392"}],"collection":[{"href":"http:\/\/www.erdemtaylan.com\/index.php?rest_route=\/wp\/v2\/posts"}],"about":[{"href":"http:\/\/www.erdemtaylan.com\/index.php?rest_route=\/wp\/v2\/types\/post"}],"author":[{"embeddable":true,"href":"http:\/\/www.erdemtaylan.com\/index.php?rest_route=\/wp\/v2\/users\/1"}],"replies":[{"embeddable":true,"href":"http:\/\/www.erdemtaylan.com\/index.php?rest_route=%2Fwp%2Fv2%2Fcomments&post=392"}],"version-history":[{"count":5,"href":"http:\/\/www.erdemtaylan.com\/index.php?rest_route=\/wp\/v2\/posts\/392\/revisions"}],"predecessor-version":[{"id":409,"href":"http:\/\/www.erdemtaylan.com\/index.php?rest_route=\/wp\/v2\/posts\/392\/revisions\/409"}],"wp:attachment":[{"href":"http:\/\/www.erdemtaylan.com\/index.php?rest_route=%2Fwp%2Fv2%2Fmedia&parent=392"}],"wp:term":[{"taxonomy":"category","embeddable":true,"href":"http:\/\/www.erdemtaylan.com\/index.php?rest_route=%2Fwp%2Fv2%2Fcategories&post=392"},{"taxonomy":"post_tag","embeddable":true,"href":"http:\/\/www.erdemtaylan.com\/index.php?rest_route=%2Fwp%2Fv2%2Ftags&post=392"}],"curies":[{"name":"wp","href":"https:\/\/api.w.org\/{rel}","templated":true}]}}