
{"id":432,"date":"2012-11-30T23:59:20","date_gmt":"2012-11-30T21:59:20","guid":{"rendered":"http:\/\/www.erdemtaylan.com\/blog\/?p=432"},"modified":"2012-12-01T00:03:15","modified_gmt":"2012-11-30T22:03:15","slug":"winter-2013-semester-starts-on-31st-of-december","status":"publish","type":"post","link":"http:\/\/www.erdemtaylan.com\/?p=432&amp;lang=tr","title":{"rendered":"Camp 2013 K\u0131\u015f D\u00f6nemi 31 Aral\u0131k&#8217;ta ba\u015fl\u0131yor&#8230;"},"content":{"rendered":"<p><a href=\"http:\/\/www.camptr.com\" target=\"_blank\">Camp G\u00f6rsel Efekt ve Animasyon Merkezi<\/a> K\u0131\u015f 2013 d\u00f6nemi seminerleri 31 Aral\u0131k 2012&#8217;de ba\u015flayacak. 31 Aral\u0131k 2012 ile 16 Mart 2013 tarihleri aras\u0131nda yap\u0131lacak olan K\u0131\u015f Camp D\u00f6neminde:<\/p>\n<p><a href=\"http:\/\/www.camptr.com\/?page_id=836\" target=\"_blank\">Karakter Tasar\u0131m\u0131<\/a><\/p>\n<p><a href=\"http:\/\/www.camptr.com\/?page_id=51\" target=\"_blank\">Modelleme<\/a><\/p>\n<p><a href=\"http:\/\/www.camptr.com\/?page_id=130\" target=\"_blank\">Kaplama ve I\u015f\u0131kland\u0131rma<\/a><\/p>\n<p><a href=\"http:\/\/www.camptr.com\/?page_id=556\" target=\"_blank\">Eklemleme<\/a><\/p>\n<p><a href=\"http:\/\/www.camptr.com\/?page_id=1068\" target=\"_blank\">Animasyon 1<\/a><\/p>\n<p><a href=\"http:\/\/www.camptr.com\/?page_id=53\" target=\"_blank\">Efekt 1<\/a><\/p>\n<p>seminerlerimiz yap\u0131lacakt\u0131r. Daha fazla bilgi ve \u00f6n kay\u0131t i\u00e7in sitemizden <a href=\"http:\/\/www.camptr.com\/seminerler\/kis-seminer\" target=\"_blank\">K\u0131\u015f D\u00f6nemi Seminer Paketleri<\/a> sayfam\u0131z\u0131 ziyaret edebilir, seminerlerimize kat\u0131lan\u00a0kat\u0131l\u0131mc\u0131lar\u0131m\u0131z\u0131n yapt\u0131\u011f\u0131 harika i\u015flerden baz\u0131lar\u0131n\u0131\u00a0<a href=\"http:\/\/www.camptr.com\/?page_id=35\" target=\"_blank\">Kat\u0131l\u0131mc\u0131 \u00c7al\u0131\u015fmalar\u0131<\/a> sayfam\u0131zda bulabilirsiniz.3D Animasyona ilgi duyan ve global bir vizyondan 3D e\u011fitimi almak isteyen herkesi merkezimize bekliyoruz.<\/p>\n","protected":false},"excerpt":{"rendered":"<p>Camp G\u00f6rsel Efekt ve Animasyon Merkezi K\u0131\u015f 2013 d\u00f6nemi seminerleri 31 Aral\u0131k 2012&#8217;de ba\u015flayacak. 31 Aral\u0131k 2012 ile 16 Mart 2013 tarihleri aras\u0131nda yap\u0131lacak olan K\u0131\u015f Camp D\u00f6neminde:<\/p>\n<p>Karakter Tasar\u0131m\u0131<\/p>\n<p>Modelleme<\/p>\n<p>Kaplama ve I\u015f\u0131kland\u0131rma<\/p>\n<p>Eklemleme<\/p>\n<p>Animasyon 1<\/p>\n<p>Efekt 1<\/p>\n<p>seminerlerimiz yap\u0131lacakt\u0131r. Daha fazla bilgi ve \u00f6n kay\u0131t i\u00e7in sitemizden K\u0131\u015f D\u00f6nemi Seminer Paketleri sayfam\u0131z\u0131 ziyaret [&#8230;]<\/p>\n","protected":false},"author":1,"featured_media":0,"comment_status":"closed","ping_status":"open","sticky":false,"template":"","format":"standard","meta":{"ngg_post_thumbnail":0},"categories":[10],"tags":[],"_links":{"self":[{"href":"http:\/\/www.erdemtaylan.com\/index.php?rest_route=\/wp\/v2\/posts\/432"}],"collection":[{"href":"http:\/\/www.erdemtaylan.com\/index.php?rest_route=\/wp\/v2\/posts"}],"about":[{"href":"http:\/\/www.erdemtaylan.com\/index.php?rest_route=\/wp\/v2\/types\/post"}],"author":[{"embeddable":true,"href":"http:\/\/www.erdemtaylan.com\/index.php?rest_route=\/wp\/v2\/users\/1"}],"replies":[{"embeddable":true,"href":"http:\/\/www.erdemtaylan.com\/index.php?rest_route=%2Fwp%2Fv2%2Fcomments&post=432"}],"version-history":[{"count":7,"href":"http:\/\/www.erdemtaylan.com\/index.php?rest_route=\/wp\/v2\/posts\/432\/revisions"}],"predecessor-version":[{"id":437,"href":"http:\/\/www.erdemtaylan.com\/index.php?rest_route=\/wp\/v2\/posts\/432\/revisions\/437"}],"wp:attachment":[{"href":"http:\/\/www.erdemtaylan.com\/index.php?rest_route=%2Fwp%2Fv2%2Fmedia&parent=432"}],"wp:term":[{"taxonomy":"category","embeddable":true,"href":"http:\/\/www.erdemtaylan.com\/index.php?rest_route=%2Fwp%2Fv2%2Fcategories&post=432"},{"taxonomy":"post_tag","embeddable":true,"href":"http:\/\/www.erdemtaylan.com\/index.php?rest_route=%2Fwp%2Fv2%2Ftags&post=432"}],"curies":[{"name":"wp","href":"https:\/\/api.w.org\/{rel}","templated":true}]}}